{"id":2741,"date":"2017-02-09T15:50:48","date_gmt":"2017-02-09T20:50:48","guid":{"rendered":"http:\/\/gobernacionnapo.gob.ec\/?p=2741"},"modified":"2017-02-09T15:50:48","modified_gmt":"2017-02-09T20:50:48","slug":"se-declara-feriado-por-dia-de-la-region-amazonica","status":"publish","type":"post","link":"https:\/\/www.gobernacionnapo.gob.ec\/new\/se-declara-feriado-por-dia-de-la-region-amazonica\/","title":{"rendered":"Se declara feriado por D\u00eda de la Regi\u00f3n Amaz\u00f3nica"},"content":{"rendered":"<p>Campo El\u00edas Rosales, Gobernador de la provincia de Napo y como representante en territorio del Eco. Rafael Correa Delgado, Presidente Constitucional de la Rep\u00fablica del Ecuador, expresa un saludo reverente al cumplirse 57 a\u00f1os de Provincializaci\u00f3n y el D\u00eda de la Regi\u00f3n Amaz\u00f3nica Ecuatoriana.<\/p>\n<p>En el a\u00f1o de 1980 se declar\u00f3 al 12 de febrero d\u00eda de la Regi\u00f3n Amaz\u00f3nica Ecuatoriana y en la disposici\u00f3n cuarta de la Ley Org\u00e1nica de Servicio P\u00fablico, establece que los d\u00edas feriados de descanso a nivel nacional o local, que correspondan a los d\u00edas s\u00e1bados o domingos, el descanso se trasladar\u00e1 respectivamente al anterior d\u00eda viernes o al posterior d\u00eda lunes.<\/p>\n<p>En tal virtud en el despacho de la Gobernaci\u00f3n de Napo, el 8 de febrero de 2017 el Ing. Campo El\u00edas Rosales firma la Resoluci\u00f3n Provincial N\u00b0 001-GN-2017, en la que se resuelve que se trasladar\u00e1 el d\u00eda domingo 12 de febrero, considerado de descanso en las provincias de la Amazon\u00eda al lunes 13 de febrero. Cabe recalcar que este feriado no ser\u00e1 recuperable.<\/p>\n<p>Con la finalidad de garantizar el derecho a la vida digna que asegure el descanso y el ocio, todos los servidores de Instituciones P\u00fablicas y Privadas de la provincia de Napo gozaran del feriado estipulado en la presente Resoluci\u00f3n.<\/p>\n<p><img fetchpriority=\"high\" decoding=\"async\" class=\"aligncenter size-full wp-image-2746\" src=\"https:\/\/www.gobernacionnapo.gob.ec\/new\/wp-content\/uploads\/2017\/02\/12.jpg\" alt=\"12\" width=\"2479\" height=\"3498\" srcset=\"https:\/\/www.gobernacionnapo.gob.ec\/new\/wp-content\/uploads\/2017\/02\/12.jpg 2479w, https:\/\/www.gobernacionnapo.gob.ec\/new\/wp-content\/uploads\/2017\/02\/12-213x300.jpg 213w, https:\/\/www.gobernacionnapo.gob.ec\/new\/wp-content\/uploads\/2017\/02\/12-768x1084.jpg 768w, https:\/\/www.gobernacionnapo.gob.ec\/new\/wp-content\/uploads\/2017\/02\/12-726x1024.jpg 726w\" sizes=\"(max-width: 2479px) 100vw, 2479px\" \/> <img decoding=\"async\" class=\"aligncenter size-full wp-image-2747\" src=\"https:\/\/www.gobernacionnapo.gob.ec\/new\/wp-content\/uploads\/2017\/02\/13.jpg\" alt=\"13\" width=\"2479\" height=\"3498\" srcset=\"https:\/\/www.gobernacionnapo.gob.ec\/new\/wp-content\/uploads\/2017\/02\/13.jpg 2479w, https:\/\/www.gobernacionnapo.gob.ec\/new\/wp-content\/uploads\/2017\/02\/13-213x300.jpg 213w, https:\/\/www.gobernacionnapo.gob.ec\/new\/wp-content\/uploads\/2017\/02\/13-768x1084.jpg 768w, https:\/\/www.gobernacionnapo.gob.ec\/new\/wp-content\/uploads\/2017\/02\/13-726x1024.jpg 726w\" sizes=\"(max-width: 2479px) 100vw, 2479px\" \/><\/p>\n","protected":false},"excerpt":{"rendered":"<p class=\"excerpt\">Campo El\u00edas Rosales, Gobernador de la provincia de Napo y como representante en territorio del Eco. Rafael Correa Delgado, Presidente Constitucional de la Rep\u00fablica del Ecuador, expresa un saludo reverente al cumplirse 57 a\u00f1os de Provincializaci\u00f3n y el D\u00eda de la Regi\u00f3n Amaz\u00f3nica Ecuatoriana. En el a\u00f1o de 1980 se declar\u00f3 al 12 de febrero d\u00eda de la Regi\u00f3n Amaz\u00f3nica&hellip; <a href=\"https:\/\/www.gobernacionnapo.gob.ec\/new\/se-declara-feriado-por-dia-de-la-region-amazonica\/\">Read more &rarr;<\/a><\/p>\n","protected":false},"author":2,"featured_media":0,"comment_status":"open","ping_status":"closed","sticky":false,"template":"","format":"standard","meta":{"footnotes":""},"categories":[16,5,6],"tags":[],"class_list":["post-2741","post","type-post","status-publish","format-standard","hentry","category-comunicamos","category-noticias","category-noticias-destacadas","xfolkentry"],"_links":{"self":[{"href":"https:\/\/www.gobernacionnapo.gob.ec\/new\/wp-json\/wp\/v2\/posts\/2741","targetHints":{"allow":["GET"]}}],"collection":[{"href":"https:\/\/www.gobernacionnapo.gob.ec\/new\/wp-json\/wp\/v2\/posts"}],"about":[{"href":"https:\/\/www.gobernacionnapo.gob.ec\/new\/wp-json\/wp\/v2\/types\/post"}],"author":[{"embeddable":true,"href":"https:\/\/www.gobernacionnapo.gob.ec\/new\/wp-json\/wp\/v2\/users\/2"}],"replies":[{"embeddable":true,"href":"https:\/\/www.gobernacionnapo.gob.ec\/new\/wp-json\/wp\/v2\/comments?post=2741"}],"version-history":[{"count":0,"href":"https:\/\/www.gobernacionnapo.gob.ec\/new\/wp-json\/wp\/v2\/posts\/2741\/revisions"}],"wp:attachment":[{"href":"https:\/\/www.gobernacionnapo.gob.ec\/new\/wp-json\/wp\/v2\/media?parent=2741"}],"wp:term":[{"taxonomy":"category","embeddable":true,"href":"https:\/\/www.gobernacionnapo.gob.ec\/new\/wp-json\/wp\/v2\/categories?post=2741"},{"taxonomy":"post_tag","embeddable":true,"href":"https:\/\/www.gobernacionnapo.gob.ec\/new\/wp-json\/wp\/v2\/tags?post=2741"}],"curies":[{"name":"wp","href":"https:\/\/api.w.org\/{rel}","templated":true}]}}