{"id":2795,"date":"2017-03-16T17:03:35","date_gmt":"2017-03-16T22:03:35","guid":{"rendered":"http:\/\/gobernacionnapo.gob.ec\/?p=2795"},"modified":"2017-03-16T17:03:35","modified_gmt":"2017-03-16T22:03:35","slug":"hoy-la-amazonia-ha-cambiado-enormemente-por-lo-cual-hay-suficientes-razones-para-argumentar-que-es-una-decada-ganada-afirma-el-ministro-de-la-amazonia-eduardo-calvas","status":"publish","type":"post","link":"https:\/\/www.gobernacionnapo.gob.ec\/new\/hoy-la-amazonia-ha-cambiado-enormemente-por-lo-cual-hay-suficientes-razones-para-argumentar-que-es-una-decada-ganada-afirma-el-ministro-de-la-amazonia-eduardo-calvas\/","title":{"rendered":"\u201cHoy la Amazon\u00eda ha cambiado enormemente por lo cual hay suficientes razones para argumentar que es una d\u00e9cada ganada\u201d, afirma el ministro de la Amazon\u00eda, Eduardo Calvas"},"content":{"rendered":"<p>&nbsp;<\/p>\n<p>En el programa radial de rendici\u00f3n de cuentas Amazon\u00eda Despierta, el ministro de la Amazon\u00eda, Eduardo Calvas, indic\u00f3 que el pa\u00eds ha progresado en materia de derechos ciudadanos y justicia social a trav\u00e9s de la nueva Constituci\u00f3n aprobada con un 63.3% de respaldo popular en 2008.<\/p>\n<p>&nbsp;<\/p>\n<p>Las leyes antes eran aprobadas a puerta cerrada por un grupo de diputados que no representaban a la gran mayor\u00eda, sostuvo Calvas, y afirm\u00f3 que la participaci\u00f3n ciudadana fue el motor que impuls\u00f3 esta legislaci\u00f3n. Esto ha permitido \u201cun desarrollo integral, un desarrollo equitativo, un desarrollo de justicia social, un desarrollo que hoy posiciona al Ecuador en el contexto internacional\u201d, afirm\u00f3 el secretario de Estado.<\/p>\n<p>&nbsp;<\/p>\n<p>Adem\u00e1s, Calvas manifest\u00f3 que la Constituci\u00f3n de Montecristi configur\u00f3 un estado pluricultural y multi\u00e9tnico que reconoce las diversidades \u00e9tnicas y garantiza, de manera expresa, el pleno ejercicio de los derechos ciudadanos de los pueblos y nacionalidades. Como ejemplo de esto, los territorios ind\u00edgenas, afroecuatorianos, montubios pasaron a asumir sus propias competencias a trav\u00e9s de los gobiernos seccionales.<\/p>\n<p>&nbsp;<\/p>\n<p>\u201cHoy la Amazon\u00eda ha cambiado enormemente por lo cual hay suficientes razones para argumentar que es una d\u00e9cada ganada, ya que los amaz\u00f3nicos hoy vivimos una nueva realidad\u201d, asegur\u00f3 el ministro Amaz\u00f3nico.<\/p>\n<p>&nbsp;<\/p>\n<p>Por su parte, \u00c1ngel Villacr\u00e9s, morador de la comunidad Cristal en la provincia de Napo, afirm\u00f3 que su vida ha cambiado por la gesti\u00f3n del presidente Rafael Correa. El agricultor dijo que comercializar sus productos a las provincias aleda\u00f1as era casi imposible y, peor a\u00fan, trasladarse a otras ciudades. No obstante, esas peripecias son parte del pasado, ahora Villacr\u00e9s utiliza el eje vial Troncal Amaz\u00f3nico para viajar a diferentes ciudades y exportar sus productos.<\/p>\n<p>&nbsp;<\/p>\n<p>\u201cAntes se andaba a caballo cuando no hab\u00eda esta carretera, estamos bien con estas v\u00edas, porque podemos movilizarnos a cualquier lado. Ahora hay un cambio, estamos muy bien; la v\u00eda nos ayuda a vender nuestros cultivos\u201d, relat\u00f3 el morador de la comunidad Cristal.<\/p>\n<p>&nbsp;<\/p>\n<p>Villacr\u00e9s no es el \u00fanico beneficiado. El Gobierno Nacional tambi\u00e9n ha transformado la vida de Jaime F\u00e1rez, joven con discapacidad oriundo de Zamora Chinchipe, quien es due\u00f1o de un negocio pisc\u00edcola que le permite tener ingresos para sostener a su familia, mediante los cr\u00e9ditos productivos otorgados por el Ministerio de Industrias y Productividad.<\/p>\n<p>&nbsp;<\/p>\n<p>\u201cAnteriormente, las personas con discapacidad no \u00e9ramos atendidas. La historia cambia desde el 2012, en la cual el bono de vivienda se hizo realidad\u2026 En fechas seguidas fui beneficiario del bono Joaqu\u00edn Gallegos Lara, lo cual tambi\u00e9n permite cubrir nuestros costos tomando en cuenta que somos personas de escasos recursos. Entonces, en ese sentido, las pol\u00edticas que, en su momento, el ex vicepresidente Lenin Moreno realiz\u00f3 nos ayud\u00f3 much\u00edsimo y despu\u00e9s han sido continuadas. En ese sentido, ha sido de una gran ayuda\u201d, afirm\u00f3 F\u00e1rez.<\/p>\n","protected":false},"excerpt":{"rendered":"<p class=\"excerpt\">&nbsp; En el programa radial de rendici\u00f3n de cuentas Amazon\u00eda Despierta, el ministro de la Amazon\u00eda, Eduardo Calvas, indic\u00f3 que el pa\u00eds ha progresado en materia de derechos ciudadanos y justicia social a trav\u00e9s de la nueva Constituci\u00f3n aprobada con un 63.3% de respaldo popular en 2008. &nbsp; Las leyes antes eran aprobadas a puerta cerrada por un grupo de&hellip; <a href=\"https:\/\/www.gobernacionnapo.gob.ec\/new\/hoy-la-amazonia-ha-cambiado-enormemente-por-lo-cual-hay-suficientes-razones-para-argumentar-que-es-una-decada-ganada-afirma-el-ministro-de-la-amazonia-eduardo-calvas\/\">Read more &rarr;<\/a><\/p>\n","protected":false},"author":2,"featured_media":2797,"comment_status":"open","ping_status":"closed","sticky":false,"template":"","format":"standard","meta":{"footnotes":""},"categories":[16,5,6],"tags":[],"class_list":["post-2795","post","type-post","status-publish","format-standard","has-post-thumbnail","hentry","category-comunicamos","category-noticias","category-noticias-destacadas","xfolkentry"],"_links":{"self":[{"href":"https:\/\/www.gobernacionnapo.gob.ec\/new\/wp-json\/wp\/v2\/posts\/2795","targetHints":{"allow":["GET"]}}],"collection":[{"href":"https:\/\/www.gobernacionnapo.gob.ec\/new\/wp-json\/wp\/v2\/posts"}],"about":[{"href":"https:\/\/www.gobernacionnapo.gob.ec\/new\/wp-json\/wp\/v2\/types\/post"}],"author":[{"embeddable":true,"href":"https:\/\/www.gobernacionnapo.gob.ec\/new\/wp-json\/wp\/v2\/users\/2"}],"replies":[{"embeddable":true,"href":"https:\/\/www.gobernacionnapo.gob.ec\/new\/wp-json\/wp\/v2\/comments?post=2795"}],"version-history":[{"count":0,"href":"https:\/\/www.gobernacionnapo.gob.ec\/new\/wp-json\/wp\/v2\/posts\/2795\/revisions"}],"wp:featuredmedia":[{"embeddable":true,"href":"https:\/\/www.gobernacionnapo.gob.ec\/new\/wp-json\/wp\/v2\/media\/2797"}],"wp:attachment":[{"href":"https:\/\/www.gobernacionnapo.gob.ec\/new\/wp-json\/wp\/v2\/media?parent=2795"}],"wp:term":[{"taxonomy":"category","embeddable":true,"href":"https:\/\/www.gobernacionnapo.gob.ec\/new\/wp-json\/wp\/v2\/categories?post=2795"},{"taxonomy":"post_tag","embeddable":true,"href":"https:\/\/www.gobernacionnapo.gob.ec\/new\/wp-json\/wp\/v2\/tags?post=2795"}],"curies":[{"name":"wp","href":"https:\/\/api.w.org\/{rel}","templated":true}]}}