{"id":2836,"date":"2017-04-11T17:04:49","date_gmt":"2017-04-11T22:04:49","guid":{"rendered":"http:\/\/gobernacionnapo.gob.ec\/?p=2836"},"modified":"2017-04-11T17:04:49","modified_gmt":"2017-04-11T22:04:49","slug":"notificaciones-sanitarias-impulsan-la-matriz-productiva-de-la-zona-2","status":"publish","type":"post","link":"https:\/\/www.gobernacionnapo.gob.ec\/new\/notificaciones-sanitarias-impulsan-la-matriz-productiva-de-la-zona-2\/","title":{"rendered":"Notificaciones Sanitarias impulsan la matriz productiva de la Zona 2"},"content":{"rendered":"<p>Productores artesanales de la Zona 2, que comprende las provincias de Napo, Orellana y Pichincha, se sumaron al proyecto \u201cArcsa por un Ecuador Emprendedor\u201d, el cual permite beneficiar al sector productivo a trav\u00e9s de la simplificaci\u00f3n del tr\u00e1mite para la obtenci\u00f3n de la Notificaci\u00f3n Sanitaria para alimentos de fabricaci\u00f3n nacional.<\/p>\n<p>El evento, que se llev\u00f3 a cabo el 28 y 29 de marzo en la ciudad de Tena, reuni\u00f3 a microempresarios, artesanos y productores de la Econom\u00eda Popular y Solidaria para recibir asesor\u00eda t\u00e9cnica de la Agencia Nacional de Regulaci\u00f3n, Control y Vigilancia Sanitaria; a ella se sumaron entidades como los ministerios de Industrias y Productividad y Agricultura, Ganader\u00eda, Acuacultura y Pesca, el Servicio de Rentas Internas, BanEcuador, Prefectura de Napo, entre otras, con la finalidad de dar un servicio preferencial al usuario y generar \u00e1gilmente la Notificaci\u00f3n Sanitaria.<\/p>\n<p>La jornada \u201cArcsa por un Ecuador Emprendedor\u201d permiti\u00f3 otorgar m\u00e1s de 78 Notificaciones Sanitarias en dos d\u00edas a productos como: mermeladas, queso fresco, carnes ahumadas, pulpa de frutas, helados, yogurt, entre otros. \u00a0\u201cSin la simplificaci\u00f3n del tr\u00e1mite no era posible cumplir este sue\u00f1o que hemos luchado por mucho tiempo\u201d, asegur\u00f3 Jos\u00e9 Valdez, productor de embutidos con la marca \u201cMr. Calval\u201d.<\/p>\n<p>\u201cArcsa permite que el sector productivo pueda obtener de forma \u00e1gil la Notificaci\u00f3n Sanitaria, a trav\u00e9s de un servicio eficiente\u201d, manifest\u00f3 Robert Salvador, quien elabora productos derivados de Sacha Inchi, \u201cmotivo por el cual felicito la gran organizaci\u00f3n tanto en la log\u00edstica como en recursos humanos capacitados para prestar sus servicios, a fin de agilizar los procesos de la NS\u201d.<\/p>\n<p>De esta manera, Arcsa permite la optimizaci\u00f3n de este proceso para el que anteriormente se solicitaban siete requisitos y hoy se requieren solo cuatro: diagramaci\u00f3n del proceso de elaboraci\u00f3n, descripci\u00f3n del c\u00f3digo de lote, dise\u00f1o de etiqueta y descripci\u00f3n del material de envase.<\/p>\n<p><img fetchpriority=\"high\" decoding=\"async\" class=\"aligncenter size-full wp-image-2838\" src=\"https:\/\/www.gobernacionnapo.gob.ec\/new\/wp-content\/uploads\/2017\/04\/arcsa2.jpg\" alt=\"arcsa2\" width=\"697\" height=\"384\" srcset=\"https:\/\/www.gobernacionnapo.gob.ec\/new\/wp-content\/uploads\/2017\/04\/arcsa2.jpg 697w, https:\/\/www.gobernacionnapo.gob.ec\/new\/wp-content\/uploads\/2017\/04\/arcsa2-300x165.jpg 300w\" sizes=\"(max-width: 697px) 100vw, 697px\" \/><\/p>\n<p><em>Para que t\u00fa est\u00e9s bien, hacemos las cosas bien.<\/em><\/p>\n<p>&nbsp;<\/p>\n<p><strong>\u00a0 COORDINACI\u00d3N ZONAL 2-ARCSA<\/strong><\/p>\n<p><strong>\u00a0<\/strong><\/p>\n<p><strong>Twitter:\u00a0\u00a0\u00a0\u00a0\u00a0 \u00a0\u00a0\u00a0\u00a0\u00a0\u00a0\u00a0\u00a0 <\/strong>@Arcsa_Ec \/@Arcsa_CZ2<\/p>\n<p><strong>Facebook:\u00a0\u00a0\u00a0\u00a0\u00a0\u00a0\u00a0\u00a0\u00a0\u00a0\u00a0 <\/strong>ControlSanitarioEcuador<\/p>\n<p><strong>Correo:\u00a0\u00a0\u00a0\u00a0\u00a0\u00a0\u00a0\u00a0\u00a0\u00a0\u00a0\u00a0\u00a0\u00a0\u00a0\u00a0 <\/strong><a href=\"mailto:diana.espin@controlsanitario.gob.ec\">diana.espin@controlsanitario.gob.ec<\/a><\/p>\n<p><strong>Telf.: <\/strong>\u00a0\u00a0\u00a0\u00a0\u00a0\u00a0\u00a0\u00a0\u00a0\u00a0\u00a0\u00a0\u00a0\u00a0\u00a0\u00a0\u00a0\u00a0\u00a0 0996537434<\/p>\n","protected":false},"excerpt":{"rendered":"<p class=\"excerpt\">Productores artesanales de la Zona 2, que comprende las provincias de Napo, Orellana y Pichincha, se sumaron al proyecto \u201cArcsa por un Ecuador Emprendedor\u201d, el cual permite beneficiar al sector productivo a trav\u00e9s de la simplificaci\u00f3n del tr\u00e1mite para la obtenci\u00f3n de la Notificaci\u00f3n Sanitaria para alimentos de fabricaci\u00f3n nacional. El evento, que se llev\u00f3 a cabo el 28 y&hellip; <a href=\"https:\/\/www.gobernacionnapo.gob.ec\/new\/notificaciones-sanitarias-impulsan-la-matriz-productiva-de-la-zona-2\/\">Read more &rarr;<\/a><\/p>\n","protected":false},"author":2,"featured_media":2837,"comment_status":"open","ping_status":"closed","sticky":false,"template":"","format":"standard","meta":{"footnotes":""},"categories":[16,5,6],"tags":[],"class_list":["post-2836","post","type-post","status-publish","format-standard","has-post-thumbnail","hentry","category-comunicamos","category-noticias","category-noticias-destacadas","xfolkentry"],"_links":{"self":[{"href":"https:\/\/www.gobernacionnapo.gob.ec\/new\/wp-json\/wp\/v2\/posts\/2836","targetHints":{"allow":["GET"]}}],"collection":[{"href":"https:\/\/www.gobernacionnapo.gob.ec\/new\/wp-json\/wp\/v2\/posts"}],"about":[{"href":"https:\/\/www.gobernacionnapo.gob.ec\/new\/wp-json\/wp\/v2\/types\/post"}],"author":[{"embeddable":true,"href":"https:\/\/www.gobernacionnapo.gob.ec\/new\/wp-json\/wp\/v2\/users\/2"}],"replies":[{"embeddable":true,"href":"https:\/\/www.gobernacionnapo.gob.ec\/new\/wp-json\/wp\/v2\/comments?post=2836"}],"version-history":[{"count":0,"href":"https:\/\/www.gobernacionnapo.gob.ec\/new\/wp-json\/wp\/v2\/posts\/2836\/revisions"}],"wp:featuredmedia":[{"embeddable":true,"href":"https:\/\/www.gobernacionnapo.gob.ec\/new\/wp-json\/wp\/v2\/media\/2837"}],"wp:attachment":[{"href":"https:\/\/www.gobernacionnapo.gob.ec\/new\/wp-json\/wp\/v2\/media?parent=2836"}],"wp:term":[{"taxonomy":"category","embeddable":true,"href":"https:\/\/www.gobernacionnapo.gob.ec\/new\/wp-json\/wp\/v2\/categories?post=2836"},{"taxonomy":"post_tag","embeddable":true,"href":"https:\/\/www.gobernacionnapo.gob.ec\/new\/wp-json\/wp\/v2\/tags?post=2836"}],"curies":[{"name":"wp","href":"https:\/\/api.w.org\/{rel}","templated":true}]}}