{"id":3576,"date":"2018-05-02T16:01:42","date_gmt":"2018-05-02T21:01:42","guid":{"rendered":"http:\/\/gobernacionnapo.gob.ec\/?p=3576"},"modified":"2018-05-02T16:01:42","modified_gmt":"2018-05-02T21:01:42","slug":"en-napo-se-celebra-el-i-festival-de-declamacion-y-musica-inedita-en-kichwa","status":"publish","type":"post","link":"https:\/\/www.gobernacionnapo.gob.ec\/new\/en-napo-se-celebra-el-i-festival-de-declamacion-y-musica-inedita-en-kichwa\/","title":{"rendered":"En Napo se celebra el I Festival de Declamaci\u00f3n y M\u00fasica In\u00e9dita en Kichwa"},"content":{"rendered":"<p>&nbsp;<\/p>\n<p>Con el objetivo de promocionar y fortalecer la Educaci\u00f3n Intercultural Biling\u00fce, adem\u00e1s de promover expresiones art\u00edsticas y culturales en las ni\u00f1as, ni\u00f1os y adolescentes, el Ministerio de Educaci\u00f3n a trav\u00e9s de la Coordinaci\u00f3n Zonal 2, realiz\u00f3 el \u201cI Festival de Declamaci\u00f3n y M\u00fasica In\u00e9dita en Kichwa\u201d. El evento promovi\u00f3 la sabidur\u00eda ancestral a trav\u00e9s de expresiones culturales interpretadas por los estudiantes desde su realidad, entorno local y en su propia lengua.<\/p>\n<p>En el certamen participaron 12 Instituciones del sistema de Educaci\u00f3n Intercultural Biling\u00fce, de los cantones Tena, Archidona y Carlos Julio Arosema Tola. Un total de 107 estudiantes formaron parte del Festival.<\/p>\n<p>Fabio Aguinda, docente de la Unidad Educativa Miguel Tunay de la comunidad Papanco, dijo que la iniciativa representa una oportunidad para fortalecer la cultura ancestral. \u201cEste tipo de actividades fortalece nuestra lengua materna que es el idioma kichwa, promueve nuestra lengua que se ha ido perdiendo a trav\u00e9s de las nuevas generaciones. Estamos rescatando nuestra esencia, nuestra cultura, lo que somos\u201d, sostuvo.<\/p>\n<p>Por su parte, Jimmy Gualinga, estudiante de la Unidad Educativa Tunay, dijo, \u201cme siento muy feliz de participar, hoy expresar\u00e9 mi amor al cant\u00f3n en que nac\u00ed a trav\u00e9s de una declamaci\u00f3n denominada Archidona sumak llakta o Archidona la bella\u201d.<\/p>\n<p>El MinEduc garantiza el sistema de educaci\u00f3n intercultural biling\u00fce que responde a la cosmovisi\u00f3n de cada cultura para desarrollar procesos educativos eficaces basados en el respeto e impulso de la sabidur\u00eda ancestral.<\/p>\n<p><img fetchpriority=\"high\" decoding=\"async\" class=\"aligncenter size-full wp-image-3578\" src=\"https:\/\/www.gobernacionnapo.gob.ec\/new\/wp-content\/uploads\/2018\/05\/edu2.jpg\" alt=\"edu2\" width=\"1200\" height=\"661\" srcset=\"https:\/\/www.gobernacionnapo.gob.ec\/new\/wp-content\/uploads\/2018\/05\/edu2.jpg 1200w, https:\/\/www.gobernacionnapo.gob.ec\/new\/wp-content\/uploads\/2018\/05\/edu2-300x165.jpg 300w, https:\/\/www.gobernacionnapo.gob.ec\/new\/wp-content\/uploads\/2018\/05\/edu2-768x423.jpg 768w, https:\/\/www.gobernacionnapo.gob.ec\/new\/wp-content\/uploads\/2018\/05\/edu2-1024x564.jpg 1024w\" sizes=\"(max-width: 1200px) 100vw, 1200px\" \/><\/p>\n<p>&nbsp;<\/p>\n<p>&nbsp;<\/p>\n","protected":false},"excerpt":{"rendered":"<p class=\"excerpt\">&nbsp; Con el objetivo de promocionar y fortalecer la Educaci\u00f3n Intercultural Biling\u00fce, adem\u00e1s de promover expresiones art\u00edsticas y culturales en las ni\u00f1as, ni\u00f1os y adolescentes, el Ministerio de Educaci\u00f3n a trav\u00e9s de la Coordinaci\u00f3n Zonal 2, realiz\u00f3 el \u201cI Festival de Declamaci\u00f3n y M\u00fasica In\u00e9dita en Kichwa\u201d. El evento promovi\u00f3 la sabidur\u00eda ancestral a trav\u00e9s de expresiones culturales interpretadas por&hellip; <a href=\"https:\/\/www.gobernacionnapo.gob.ec\/new\/en-napo-se-celebra-el-i-festival-de-declamacion-y-musica-inedita-en-kichwa\/\">Read more &rarr;<\/a><\/p>\n","protected":false},"author":2,"featured_media":3577,"comment_status":"open","ping_status":"closed","sticky":false,"template":"","format":"standard","meta":{"footnotes":""},"categories":[16,5,6],"tags":[],"class_list":["post-3576","post","type-post","status-publish","format-standard","has-post-thumbnail","hentry","category-comunicamos","category-noticias","category-noticias-destacadas","xfolkentry"],"_links":{"self":[{"href":"https:\/\/www.gobernacionnapo.gob.ec\/new\/wp-json\/wp\/v2\/posts\/3576","targetHints":{"allow":["GET"]}}],"collection":[{"href":"https:\/\/www.gobernacionnapo.gob.ec\/new\/wp-json\/wp\/v2\/posts"}],"about":[{"href":"https:\/\/www.gobernacionnapo.gob.ec\/new\/wp-json\/wp\/v2\/types\/post"}],"author":[{"embeddable":true,"href":"https:\/\/www.gobernacionnapo.gob.ec\/new\/wp-json\/wp\/v2\/users\/2"}],"replies":[{"embeddable":true,"href":"https:\/\/www.gobernacionnapo.gob.ec\/new\/wp-json\/wp\/v2\/comments?post=3576"}],"version-history":[{"count":0,"href":"https:\/\/www.gobernacionnapo.gob.ec\/new\/wp-json\/wp\/v2\/posts\/3576\/revisions"}],"wp:featuredmedia":[{"embeddable":true,"href":"https:\/\/www.gobernacionnapo.gob.ec\/new\/wp-json\/wp\/v2\/media\/3577"}],"wp:attachment":[{"href":"https:\/\/www.gobernacionnapo.gob.ec\/new\/wp-json\/wp\/v2\/media?parent=3576"}],"wp:term":[{"taxonomy":"category","embeddable":true,"href":"https:\/\/www.gobernacionnapo.gob.ec\/new\/wp-json\/wp\/v2\/categories?post=3576"},{"taxonomy":"post_tag","embeddable":true,"href":"https:\/\/www.gobernacionnapo.gob.ec\/new\/wp-json\/wp\/v2\/tags?post=3576"}],"curies":[{"name":"wp","href":"https:\/\/api.w.org\/{rel}","templated":true}]}}