{"id":49469,"date":"2023-02-03T14:59:05","date_gmt":"2023-02-03T19:59:05","guid":{"rendered":"https:\/\/www.gobernacionnapo.gob.ec\/new\/?p=49469"},"modified":"2023-02-03T14:59:07","modified_gmt":"2023-02-03T19:59:07","slug":"campana-para-reducir-los-indices-de-violencia-contra-la-mujer-continua-el-2023","status":"publish","type":"post","link":"https:\/\/www.gobernacionnapo.gob.ec\/new\/campana-para-reducir-los-indices-de-violencia-contra-la-mujer-continua-el-2023\/","title":{"rendered":"Campa\u00f1a para reducir los \u00edndices de violencia contra la mujer contin\u00faa el 2023"},"content":{"rendered":"\n<p>Con el objetivo de planificar acciones interinstitucionales enfocadas en reducir los \u00edndices de violencia contra la mujer en Napo, se llev\u00f3 a cabo la primera reuni\u00f3n de trabajo en la que se activ\u00f3 la Campa\u00f1a \u201cPor una vida libre de violencia y una sociedad de iguales\u201d 2023, en la que se llevar\u00e1 a cabo diversas acciones enfocadas en la concienciaci\u00f3n social.<\/p>\n\n\n\n<p>Alirio Grefa, Gobernador de Napo, durante su <a><\/a>intervenci\u00f3n resalt\u00f3 que continuar\u00e1 emprendiendo acciones junto a su equipo territorial de trabajo ya que garantizar el bienestar de la ciudadan\u00eda es una de las prioridades del Gobierno Nacional.<\/p>\n\n\n\n<p>Al momento se coordina una agenda de actividades para todo el a\u00f1o 2023 y se pretende alcanzar mejores resultados que los del a\u00f1o pasado.<\/p>\n","protected":false},"excerpt":{"rendered":"<p class=\"excerpt\">Con el objetivo de planificar acciones interinstitucionales enfocadas en reducir los \u00edndices de violencia contra la mujer en Napo, se llev\u00f3 a cabo la primera reuni\u00f3n de trabajo en la que se activ\u00f3 la Campa\u00f1a \u201cPor una vida libre de violencia y una sociedad de iguales\u201d 2023, en la que se llevar\u00e1 a cabo diversas acciones enfocadas en la concienciaci\u00f3n&hellip; <a href=\"https:\/\/www.gobernacionnapo.gob.ec\/new\/campana-para-reducir-los-indices-de-violencia-contra-la-mujer-continua-el-2023\/\">Read more &rarr;<\/a><\/p>\n","protected":false},"author":2,"featured_media":49470,"comment_status":"closed","ping_status":"closed","sticky":false,"template":"","format":"standard","meta":{"footnotes":""},"categories":[5,6],"tags":[],"class_list":["post-49469","post","type-post","status-publish","format-standard","has-post-thumbnail","hentry","category-noticias","category-noticias-destacadas","xfolkentry"],"_links":{"self":[{"href":"https:\/\/www.gobernacionnapo.gob.ec\/new\/wp-json\/wp\/v2\/posts\/49469","targetHints":{"allow":["GET"]}}],"collection":[{"href":"https:\/\/www.gobernacionnapo.gob.ec\/new\/wp-json\/wp\/v2\/posts"}],"about":[{"href":"https:\/\/www.gobernacionnapo.gob.ec\/new\/wp-json\/wp\/v2\/types\/post"}],"author":[{"embeddable":true,"href":"https:\/\/www.gobernacionnapo.gob.ec\/new\/wp-json\/wp\/v2\/users\/2"}],"replies":[{"embeddable":true,"href":"https:\/\/www.gobernacionnapo.gob.ec\/new\/wp-json\/wp\/v2\/comments?post=49469"}],"version-history":[{"count":0,"href":"https:\/\/www.gobernacionnapo.gob.ec\/new\/wp-json\/wp\/v2\/posts\/49469\/revisions"}],"wp:featuredmedia":[{"embeddable":true,"href":"https:\/\/www.gobernacionnapo.gob.ec\/new\/wp-json\/wp\/v2\/media\/49470"}],"wp:attachment":[{"href":"https:\/\/www.gobernacionnapo.gob.ec\/new\/wp-json\/wp\/v2\/media?parent=49469"}],"wp:term":[{"taxonomy":"category","embeddable":true,"href":"https:\/\/www.gobernacionnapo.gob.ec\/new\/wp-json\/wp\/v2\/categories?post=49469"},{"taxonomy":"post_tag","embeddable":true,"href":"https:\/\/www.gobernacionnapo.gob.ec\/new\/wp-json\/wp\/v2\/tags?post=49469"}],"curies":[{"name":"wp","href":"https:\/\/api.w.org\/{rel}","templated":true}]}}