{"id":50285,"date":"2023-10-26T14:54:35","date_gmt":"2023-10-26T19:54:35","guid":{"rendered":"https:\/\/www.gobernacionnapo.gob.ec\/new\/?p=50285"},"modified":"2023-10-26T14:54:36","modified_gmt":"2023-10-26T19:54:36","slug":"lanzamiento-de-la-sexta-edicion-de-la-expo-amazonia-emprende-2023","status":"publish","type":"post","link":"https:\/\/www.gobernacionnapo.gob.ec\/new\/lanzamiento-de-la-sexta-edicion-de-la-expo-amazonia-emprende-2023\/","title":{"rendered":"Lanzamiento de la sexta edici\u00f3n de la Expo Amazon\u00eda Emprende 2023"},"content":{"rendered":"\n<p>En rueda de prensa liderada por Carmen Masabanda, Gobernadora de Napo, junto a la Vicealcaldesa de Tena y el director de Fomento Productivo de la Prefectura de Napo, se dio a conocer sobre el desarrollo de la sexta edici\u00f3n de la Expo Amazon\u00eda Emprende 2023, la misma que se llevar\u00e1 a cabo del 3 al 5 de noviembre en la explanada del Malec\u00f3n de Tena.<\/p>\n\n\n\n<p>La Expo Amazon\u00eda es un escenario de buena gobernanza y <a><\/a>articulaci\u00f3n entre instituciones, empresarios, emprendedores y consumidores para valorar las formas ancestrales de producci\u00f3n, los productos amaz\u00f3nicos, el fomento del consumo local y nacional.<\/p>\n\n\n\n<p>La Expo Amazon\u00eda se ha constituido en un referente de la regi\u00f3n amaz\u00f3nica, por ser la palestra para fomentar el emprendimiento y el consumo de productos amaz\u00f3nicos con una significativo valor agregado, es as\u00ed que desde el 2017 inici\u00f3 esta iniciativa y a la fecha se va a ejecutar la sexta edici\u00f3n de la Expo Amazonia emprende, en la que participar\u00e1n alrededor de 180 emprendedores de toda la regi\u00f3n amaz\u00f3nica, de los cuales, al menos 153 son de la provincia de Napo.<\/p>\n\n\n\n<p>durante su intervenci\u00f3n, la Gobernadora agradeci\u00f3 a las instituciones del Ejecutivo Desconcentrado, IEPS, MIES, MAG, Ministerio de Producci\u00f3n, la Universidad Regional Amaz\u00f3nica IKIAM, el GAD Provincial de Napo, Municipalidad de Tena, Municipalidad de El Chaco, as\u00ed tambi\u00e9n a la Fundaci\u00f3n Maquita, INBAR, WWF y Corporaci\u00f3n Chakra, por su valioso aporte para el desarrollo del evento.<\/p>\n\n\n\n<p><a href=\"https:\/\/www.facebook.com\/hashtag\/nuestrotrabajocontin%C3%BAa?__eep__=6&amp;__cft__[0]=AZWjRwAHHhfe7YcKEejmTUHGL9TSpMUGa4cvwTRFxA2cISS_FyxN2-BA2mqrsGzR6iOkLyS8Ni2jnjibJfViMIC7ecYQhtf-Zpyu_1pFnC9RivqIKyccqXjO9gTNDfwHTuAmsRI7rZ5iRMPsWqKkF5iLGStFwjS0pW82SENwcSqbpNmxAXvAwI2ScPy8liqMjec&amp;__tn__=*NK-R\">#NuestroTrabajoContin\u00faa<\/a><\/p>\n\n\n\n<p><a href=\"https:\/\/www.facebook.com\/photo\/?fbid=725848336250071&amp;set=pcb.725848859583352&amp;__cft__[0]=AZWjRwAHHhfe7YcKEejmTUHGL9TSpMUGa4cvwTRFxA2cISS_FyxN2-BA2mqrsGzR6iOkLyS8Ni2jnjibJfViMIC7ecYQhtf-Zpyu_1pFnC9RivqIKyccqXjO9gTNDfwHTuAmsRI7rZ5iRMPsWqKkF5iLGStFwjS0pW82SENwcSqbpNmxAXvAwI2ScPy8liqMjec&amp;__tn__=*bH-R\"><\/a><\/p>\n\n\n\n<figure class=\"wp-block-image\"><a href=\"https:\/\/www.facebook.com\/photo\/?fbid=725848336250071&amp;set=pcb.725848859583352&amp;__cft__[0]=AZWjRwAHHhfe7YcKEejmTUHGL9TSpMUGa4cvwTRFxA2cISS_FyxN2-BA2mqrsGzR6iOkLyS8Ni2jnjibJfViMIC7ecYQhtf-Zpyu_1pFnC9RivqIKyccqXjO9gTNDfwHTuAmsRI7rZ5iRMPsWqKkF5iLGStFwjS0pW82SENwcSqbpNmxAXvAwI2ScPy8liqMjec&amp;__tn__=*bH-R\"><img decoding=\"async\" src=\"https:\/\/scontent.fuio3-1.fna.fbcdn.net\/v\/t39.30808-6\/396255500_725848329583405_3571781919715830128_n.jpg?stp=dst-jpg_p526x395&amp;_nc_cat=106&amp;ccb=1-7&amp;_nc_sid=5f2048&amp;_nc_ohc=oZCQfkTbKagAX-D5czi&amp;_nc_ht=scontent.fuio3-1.fna&amp;oh=00_AfAUxvT39T1S-cl3V6EfFir_OqPJjo_QwL3uQCDdEunSBw&amp;oe=65404B27\" alt=\"\" \/><\/a><\/figure>\n\n\n\n<p><a href=\"https:\/\/www.facebook.com\/photo\/?fbid=725849232916648&amp;set=pcb.725848859583352&amp;__cft__[0]=AZWjRwAHHhfe7YcKEejmTUHGL9TSpMUGa4cvwTRFxA2cISS_FyxN2-BA2mqrsGzR6iOkLyS8Ni2jnjibJfViMIC7ecYQhtf-Zpyu_1pFnC9RivqIKyccqXjO9gTNDfwHTuAmsRI7rZ5iRMPsWqKkF5iLGStFwjS0pW82SENwcSqbpNmxAXvAwI2ScPy8liqMjec&amp;__tn__=*bH-R\"><\/a><\/p>\n\n\n\n<figure class=\"wp-block-image\"><a href=\"https:\/\/www.facebook.com\/photo\/?fbid=725849232916648&amp;set=pcb.725848859583352&amp;__cft__[0]=AZWjRwAHHhfe7YcKEejmTUHGL9TSpMUGa4cvwTRFxA2cISS_FyxN2-BA2mqrsGzR6iOkLyS8Ni2jnjibJfViMIC7ecYQhtf-Zpyu_1pFnC9RivqIKyccqXjO9gTNDfwHTuAmsRI7rZ5iRMPsWqKkF5iLGStFwjS0pW82SENwcSqbpNmxAXvAwI2ScPy8liqMjec&amp;__tn__=*bH-R\"><img decoding=\"async\" src=\"https:\/\/scontent.fuio3-1.fna.fbcdn.net\/v\/t39.30808-6\/395715842_725849229583315_3487937402939771055_n.jpg?stp=cp6_dst-jpg_s600x600&amp;_nc_cat=100&amp;ccb=1-7&amp;_nc_sid=5f2048&amp;_nc_ohc=zWUv2gkZP9QAX9Yo0_8&amp;_nc_ht=scontent.fuio3-1.fna&amp;oh=00_AfBxhgX6_GTGGKADr2-dllZmFu0GoJLTtoztuAQlQ0Oa3g&amp;oe=653F7766\" alt=\"\" \/><\/a><\/figure>\n\n\n\n<p><a href=\"https:\/\/www.facebook.com\/photo\/?fbid=725848726250032&amp;set=pcb.725848859583352&amp;__cft__[0]=AZWjRwAHHhfe7YcKEejmTUHGL9TSpMUGa4cvwTRFxA2cISS_FyxN2-BA2mqrsGzR6iOkLyS8Ni2jnjibJfViMIC7ecYQhtf-Zpyu_1pFnC9RivqIKyccqXjO9gTNDfwHTuAmsRI7rZ5iRMPsWqKkF5iLGStFwjS0pW82SENwcSqbpNmxAXvAwI2ScPy8liqMjec&amp;__tn__=*bH-R\"><\/a><\/p>\n\n\n\n<figure class=\"wp-block-image\"><a href=\"https:\/\/www.facebook.com\/photo\/?fbid=725848726250032&amp;set=pcb.725848859583352&amp;__cft__[0]=AZWjRwAHHhfe7YcKEejmTUHGL9TSpMUGa4cvwTRFxA2cISS_FyxN2-BA2mqrsGzR6iOkLyS8Ni2jnjibJfViMIC7ecYQhtf-Zpyu_1pFnC9RivqIKyccqXjO9gTNDfwHTuAmsRI7rZ5iRMPsWqKkF5iLGStFwjS0pW82SENwcSqbpNmxAXvAwI2ScPy8liqMjec&amp;__tn__=*bH-R\"><img decoding=\"async\" src=\"https:\/\/scontent.fuio3-1.fna.fbcdn.net\/v\/t39.30808-6\/396501964_725848719583366_515807628423623032_n.jpg?stp=dst-jpg_s600x600&amp;_nc_cat=106&amp;ccb=1-7&amp;_nc_sid=5f2048&amp;_nc_ohc=rUJVzquYiiQAX9puPNd&amp;_nc_ht=scontent.fuio3-1.fna&amp;oh=00_AfCkQ4xd7ySr03M9lA84CmWy9H0BFcZwnzEOCuwTx6UF0Q&amp;oe=653ECBC7\" alt=\"\" \/><\/a><\/figure>\n\n\n\n<p><\/p>\n","protected":false},"excerpt":{"rendered":"<p class=\"excerpt\">En rueda de prensa liderada por Carmen Masabanda, Gobernadora de Napo, junto a la Vicealcaldesa de Tena y el director de Fomento Productivo de la Prefectura de Napo, se dio a conocer sobre el desarrollo de la sexta edici\u00f3n de la Expo Amazon\u00eda Emprende 2023, la misma que se llevar\u00e1 a cabo del 3 al 5 de noviembre en la&hellip; <a href=\"https:\/\/www.gobernacionnapo.gob.ec\/new\/lanzamiento-de-la-sexta-edicion-de-la-expo-amazonia-emprende-2023\/\">Read more &rarr;<\/a><\/p>\n","protected":false},"author":2,"featured_media":0,"comment_status":"closed","ping_status":"closed","sticky":false,"template":"","format":"standard","meta":{"footnotes":""},"categories":[5,6],"tags":[],"class_list":["post-50285","post","type-post","status-publish","format-standard","hentry","category-noticias","category-noticias-destacadas","xfolkentry"],"_links":{"self":[{"href":"https:\/\/www.gobernacionnapo.gob.ec\/new\/wp-json\/wp\/v2\/posts\/50285","targetHints":{"allow":["GET"]}}],"collection":[{"href":"https:\/\/www.gobernacionnapo.gob.ec\/new\/wp-json\/wp\/v2\/posts"}],"about":[{"href":"https:\/\/www.gobernacionnapo.gob.ec\/new\/wp-json\/wp\/v2\/types\/post"}],"author":[{"embeddable":true,"href":"https:\/\/www.gobernacionnapo.gob.ec\/new\/wp-json\/wp\/v2\/users\/2"}],"replies":[{"embeddable":true,"href":"https:\/\/www.gobernacionnapo.gob.ec\/new\/wp-json\/wp\/v2\/comments?post=50285"}],"version-history":[{"count":0,"href":"https:\/\/www.gobernacionnapo.gob.ec\/new\/wp-json\/wp\/v2\/posts\/50285\/revisions"}],"wp:attachment":[{"href":"https:\/\/www.gobernacionnapo.gob.ec\/new\/wp-json\/wp\/v2\/media?parent=50285"}],"wp:term":[{"taxonomy":"category","embeddable":true,"href":"https:\/\/www.gobernacionnapo.gob.ec\/new\/wp-json\/wp\/v2\/categories?post=50285"},{"taxonomy":"post_tag","embeddable":true,"href":"https:\/\/www.gobernacionnapo.gob.ec\/new\/wp-json\/wp\/v2\/tags?post=50285"}],"curies":[{"name":"wp","href":"https:\/\/api.w.org\/{rel}","templated":true}]}}