{"id":50838,"date":"2024-05-07T11:59:07","date_gmt":"2024-05-07T16:59:07","guid":{"rendered":"https:\/\/www.gobernacionnapo.gob.ec\/new\/?p=50838"},"modified":"2024-05-07T11:59:08","modified_gmt":"2024-05-07T16:59:08","slug":"operativos-camex-por-la-seguridad-ciudadana","status":"publish","type":"post","link":"https:\/\/www.gobernacionnapo.gob.ec\/new\/operativos-camex-por-la-seguridad-ciudadana\/","title":{"rendered":"Operativos CAMEX por la seguridad ciudadana"},"content":{"rendered":"\n<p>Liderado por la Intendencia de Polic\u00eda en articulaci\u00f3n con la <a href=\"https:\/\/www.facebook.com\/policia.ecuador?__cft__[0]=AZWW0ZXgYoy5bINW1IihyAS6kli31hAZFgBKR7wYNavPF4VVEVeMvyx3o-phOxCv1QheFCopS1S8NABzrrIp9MG1HhEVyGKtFKMxT5_UZy0uXg4Td3CIzmFge6eSv-0EiDNM_spVBl1gmKEMstU1llarf5XeF0ksuF6ynyZvehnFw8FtiJR88KuMj1pyeR5bQc6lrt-Raw3QKk4_jqrfjbow&amp;__tn__=-]K-R\">Polic\u00eda Nacional del Ecuador<\/a> Y <a href=\"https:\/\/www.facebook.com\/FFAAEcuador?__cft__[0]=AZWW0ZXgYoy5bINW1IihyAS6kli31hAZFgBKR7wYNavPF4VVEVeMvyx3o-phOxCv1QheFCopS1S8NABzrrIp9MG1HhEVyGKtFKMxT5_UZy0uXg4Td3CIzmFge6eSv-0EiDNM_spVBl1gmKEMstU1llarf5XeF0ksuF6ynyZvehnFw8FtiJR88KuMj1pyeR5bQc6lrt-Raw3QKk4_jqrfjbow&amp;__tn__=-]K-R\">Fuerzas Armadas del Ecuador<\/a>, se llev\u00f3 a cabo operativos de control de armas, municiones y explosivos (CAMEX) en diferentes sectores de la provincia, con el prop\u00f3sito de fortalecer la seguridad ciudadana de acuerdo a las directrices del presidente <a href=\"https:\/\/www.facebook.com\/DanielNoboaOk?__cft__[0]=AZWW0ZXgYoy5bINW1IihyAS6kli31hAZFgBKR7wYNavPF4VVEVeMvyx3o-phOxCv1QheFCopS1S8NABzrrIp9MG1HhEVyGKtFKMxT5_UZy0uXg4Td3CIzmFge6eSv-0EiDNM_spVBl1gmKEMstU1llarf5XeF0ksuF6ynyZvehnFw8FtiJR88KuMj1pyeR5bQc6lrt-Raw3QKk4_jqrfjbow&amp;__tn__=-]K-R\">Daniel Noboa Azin<\/a>.<\/p>\n\n\n\n<p><a href=\"https:\/\/www.facebook.com\/hashtag\/elnuevoecuador?__eep__=6&amp;__cft__[0]=AZWW0ZXgYoy5bINW1IihyAS6kli31hAZFgBKR7wYNavPF4VVEVeMvyx3o-phOxCv1QheFCopS1S8NABzrrIp9MG1HhEVyGKtFKMxT5_UZy0uXg4Td3CIzmFge6eSv-0EiDNM_spVBl1gmKEMstU1llarf5XeF0ksuF6ynyZvehnFw8FtiJR88KuMj1pyeR5bQc6lrt-Raw3QKk4_jqrfjbow&amp;__tn__=*NK-R\">#ElNuevoEcuador<\/a><\/p>\n\n\n\n<p><a href=\"https:\/\/www.facebook.com\/photo\/?fbid=842166731284897&amp;set=pcb.842166957951541&amp;__cft__[0]=AZWW0ZXgYoy5bINW1IihyAS6kli31hAZFgBKR7wYNavPF4VVEVeMvyx3o-phOxCv1QheFCopS1S8NABzrrIp9MG1HhEVyGKtFKMxT5_UZy0uXg4Td3CIzmFge6eSv-0EiDNM_spVBl1gmKEMstU1llarf5XeF0ksuF6ynyZvehnFw8FtiJR88KuMj1pyeR5bQc6lrt-Raw3QKk4_jqrfjbow&amp;__tn__=*bH-R\"><\/a><\/p>\n\n\n\n<figure class=\"wp-block-image\"><a href=\"https:\/\/www.facebook.com\/photo\/?fbid=842166731284897&amp;set=pcb.842166957951541&amp;__cft__[0]=AZWW0ZXgYoy5bINW1IihyAS6kli31hAZFgBKR7wYNavPF4VVEVeMvyx3o-phOxCv1QheFCopS1S8NABzrrIp9MG1HhEVyGKtFKMxT5_UZy0uXg4Td3CIzmFge6eSv-0EiDNM_spVBl1gmKEMstU1llarf5XeF0ksuF6ynyZvehnFw8FtiJR88KuMj1pyeR5bQc6lrt-Raw3QKk4_jqrfjbow&amp;__tn__=*bH-R\"><img decoding=\"async\" src=\"https:\/\/scontent.fuio4-1.fna.fbcdn.net\/v\/t39.30808-6\/441486004_842166727951564_4733957257532771350_n.jpg?stp=dst-jpg_s600x600&amp;_nc_cat=106&amp;ccb=1-7&amp;_nc_sid=5f2048&amp;_nc_ohc=Z8gUn_QJQHAQ7kNvgHUnayR&amp;_nc_ht=scontent.fuio4-1.fna&amp;oh=00_AfCo3ephEtPuBuRNLsSHSkZvvF_lXn3xvhU9UeiBrS1DCw&amp;oe=66403EBE\" alt=\"\" \/><\/a><\/figure>\n\n\n\n<p><a href=\"https:\/\/www.facebook.com\/photo\/?fbid=842166944618209&amp;set=pcb.842166957951541&amp;__cft__[0]=AZWW0ZXgYoy5bINW1IihyAS6kli31hAZFgBKR7wYNavPF4VVEVeMvyx3o-phOxCv1QheFCopS1S8NABzrrIp9MG1HhEVyGKtFKMxT5_UZy0uXg4Td3CIzmFge6eSv-0EiDNM_spVBl1gmKEMstU1llarf5XeF0ksuF6ynyZvehnFw8FtiJR88KuMj1pyeR5bQc6lrt-Raw3QKk4_jqrfjbow&amp;__tn__=*bH-R\"><\/a><\/p>\n\n\n\n<figure class=\"wp-block-image\"><a href=\"https:\/\/www.facebook.com\/photo\/?fbid=842166944618209&amp;set=pcb.842166957951541&amp;__cft__[0]=AZWW0ZXgYoy5bINW1IihyAS6kli31hAZFgBKR7wYNavPF4VVEVeMvyx3o-phOxCv1QheFCopS1S8NABzrrIp9MG1HhEVyGKtFKMxT5_UZy0uXg4Td3CIzmFge6eSv-0EiDNM_spVBl1gmKEMstU1llarf5XeF0ksuF6ynyZvehnFw8FtiJR88KuMj1pyeR5bQc6lrt-Raw3QKk4_jqrfjbow&amp;__tn__=*bH-R\"><img decoding=\"async\" src=\"https:\/\/scontent.fuio4-1.fna.fbcdn.net\/v\/t39.30808-6\/441488516_842166941284876_2808270106460732885_n.jpg?stp=dst-jpg_s600x600&amp;_nc_cat=104&amp;ccb=1-7&amp;_nc_sid=5f2048&amp;_nc_ohc=jNBOBTvMDAwQ7kNvgFho1o6&amp;_nc_ht=scontent.fuio4-1.fna&amp;oh=00_AfDgQ0LhbqX2Ox4C11736mNnTKZu-faaKbx_Ltf7dXPveA&amp;oe=66403E03\" alt=\"\" \/><\/a><\/figure>\n\n\n\n<p><a href=\"https:\/\/www.facebook.com\/photo\/?fbid=842166877951549&amp;set=pcb.842166957951541&amp;__cft__[0]=AZWW0ZXgYoy5bINW1IihyAS6kli31hAZFgBKR7wYNavPF4VVEVeMvyx3o-phOxCv1QheFCopS1S8NABzrrIp9MG1HhEVyGKtFKMxT5_UZy0uXg4Td3CIzmFge6eSv-0EiDNM_spVBl1gmKEMstU1llarf5XeF0ksuF6ynyZvehnFw8FtiJR88KuMj1pyeR5bQc6lrt-Raw3QKk4_jqrfjbow&amp;__tn__=*bH-R\"><\/a><\/p>\n\n\n\n<figure class=\"wp-block-image\"><a href=\"https:\/\/www.facebook.com\/photo\/?fbid=842166877951549&amp;set=pcb.842166957951541&amp;__cft__[0]=AZWW0ZXgYoy5bINW1IihyAS6kli31hAZFgBKR7wYNavPF4VVEVeMvyx3o-phOxCv1QheFCopS1S8NABzrrIp9MG1HhEVyGKtFKMxT5_UZy0uXg4Td3CIzmFge6eSv-0EiDNM_spVBl1gmKEMstU1llarf5XeF0ksuF6ynyZvehnFw8FtiJR88KuMj1pyeR5bQc6lrt-Raw3QKk4_jqrfjbow&amp;__tn__=*bH-R\"><img decoding=\"async\" src=\"https:\/\/scontent.fuio4-1.fna.fbcdn.net\/v\/t39.30808-6\/441541010_842166867951550_3653993253125366879_n.jpg?stp=dst-jpg_s600x600&amp;_nc_cat=102&amp;ccb=1-7&amp;_nc_sid=5f2048&amp;_nc_ohc=u54qAy3ddHoQ7kNvgHR-EK6&amp;_nc_ht=scontent.fuio4-1.fna&amp;oh=00_AfCkKzLxiHDnzi3bvflC-v6x_FueWOmfOjDuL--Vvrda_g&amp;oe=6640132F\" alt=\"\" \/><\/a><\/figure>\n","protected":false},"excerpt":{"rendered":"<p class=\"excerpt\">Liderado por la Intendencia de Polic\u00eda en articulaci\u00f3n con la Polic\u00eda Nacional del Ecuador Y Fuerzas Armadas del Ecuador, se llev\u00f3 a cabo operativos de control de armas, municiones y explosivos (CAMEX) en diferentes sectores de la provincia, con el prop\u00f3sito de fortalecer la seguridad ciudadana de acuerdo a las directrices del presidente Daniel Noboa Azin. #ElNuevoEcuador <a href=\"https:\/\/www.gobernacionnapo.gob.ec\/new\/operativos-camex-por-la-seguridad-ciudadana\/\">Read more &rarr;<\/a><\/p>\n","protected":false},"author":2,"featured_media":0,"comment_status":"closed","ping_status":"closed","sticky":false,"template":"","format":"standard","meta":{"footnotes":""},"categories":[5,6],"tags":[],"class_list":["post-50838","post","type-post","status-publish","format-standard","hentry","category-noticias","category-noticias-destacadas","xfolkentry"],"_links":{"self":[{"href":"https:\/\/www.gobernacionnapo.gob.ec\/new\/wp-json\/wp\/v2\/posts\/50838","targetHints":{"allow":["GET"]}}],"collection":[{"href":"https:\/\/www.gobernacionnapo.gob.ec\/new\/wp-json\/wp\/v2\/posts"}],"about":[{"href":"https:\/\/www.gobernacionnapo.gob.ec\/new\/wp-json\/wp\/v2\/types\/post"}],"author":[{"embeddable":true,"href":"https:\/\/www.gobernacionnapo.gob.ec\/new\/wp-json\/wp\/v2\/users\/2"}],"replies":[{"embeddable":true,"href":"https:\/\/www.gobernacionnapo.gob.ec\/new\/wp-json\/wp\/v2\/comments?post=50838"}],"version-history":[{"count":0,"href":"https:\/\/www.gobernacionnapo.gob.ec\/new\/wp-json\/wp\/v2\/posts\/50838\/revisions"}],"wp:attachment":[{"href":"https:\/\/www.gobernacionnapo.gob.ec\/new\/wp-json\/wp\/v2\/media?parent=50838"}],"wp:term":[{"taxonomy":"category","embeddable":true,"href":"https:\/\/www.gobernacionnapo.gob.ec\/new\/wp-json\/wp\/v2\/categories?post=50838"},{"taxonomy":"post_tag","embeddable":true,"href":"https:\/\/www.gobernacionnapo.gob.ec\/new\/wp-json\/wp\/v2\/tags?post=50838"}],"curies":[{"name":"wp","href":"https:\/\/api.w.org\/{rel}","templated":true}]}}