{"id":53189,"date":"2026-03-04T15:45:30","date_gmt":"2026-03-04T20:45:30","guid":{"rendered":"https:\/\/www.gobernacionnapo.gob.ec\/new\/?p=53189"},"modified":"2026-03-04T15:46:10","modified_gmt":"2026-03-04T20:46:10","slug":"gestion-por-la-seguridad-en-los-37-barrios-de-tena","status":"publish","type":"post","link":"https:\/\/www.gobernacionnapo.gob.ec\/new\/gestion-por-la-seguridad-en-los-37-barrios-de-tena\/","title":{"rendered":"Gesti\u00f3n por la seguridad en los 37 barrios de Tena"},"content":{"rendered":"\n<p>En un esfuerzo decidido por fortalecer la seguridad y consolidar la presencia del Estado en el territorio, el gobernador Luis Chica Miranda, lider\u00f3 una agenda de trabajo articulada con los representantes de los 37 barrios de Tena, alcanzando el 100 % de cobertura en estos espacios de di\u00e1logo y coordinaci\u00f3n.<\/p>\n\n\n\n<p>Durante las reuniones se escuch\u00f3, de primera mano, la realidad y problem\u00e1tica espec\u00edfica de cada sector. Esta cercan\u00eda permiti\u00f3 identificar necesidades prioritarias y construir, de manera conjunta, una hoja de ruta clara para las intervenciones. Las acciones se ejecutar\u00e1n conforme a las competencias de cada instituci\u00f3n: Gobernaci\u00f3n, Polic\u00eda Nacional, Intendencia y Comisar\u00edas Nacionales, garantizando un trabajo coordinado y eficiente.<\/p>\n\n\n\n<p>Como parte de las medidas acordadas, se impulsar\u00e1n operativos de control sectorizados, orientados a prevenir el cometimiento de delitos y a generar acciones legales oportunas cuando corresponda. Estas estrategias buscan fortalecer la seguridad ciudadana y brindar mayor tranquilidad a las familias de Tena.<\/p>\n\n\n\n<p>Adem\u00e1s, en estos encuentros se socializaron los proyectos sociales que el Gobierno pone a disposici\u00f3n de la ciudadan\u00eda, entre ellos cr\u00e9ditos a bajos intereses, financiamiento para vivienda y el nuevo programa \u201cEl Gobierno a tu Lado\u201d, iniciativa que permitir\u00e1 analizar de manera directa las principales necesidades de la poblaci\u00f3n. Con ello se reafirma el compromiso de construir un gobierno cercano, que escucha y responde con acciones concretas.<\/p>\n\n\n\n<p>Concluido este proceso en Tena, la Gobernaci\u00f3n replicar\u00e1 esta articulaci\u00f3n en los dem\u00e1s cantones de la provincia, consolidando as\u00ed una gesti\u00f3n integral que fortalece la seguridad y promueve el bienestar de toda la ciudadan\u00eda.<\/p>\n\n\n\n<figure class=\"wp-block-image size-full\"><a href=\"https:\/\/www.gobernacionnapo.gob.ec\/new\/wp-content\/uploads\/2026\/03\/WhatsApp-Image-2026-03-04-at-15.34.21.jpeg\"><img fetchpriority=\"high\" decoding=\"async\" width=\"800\" height=\"447\" src=\"https:\/\/www.gobernacionnapo.gob.ec\/new\/wp-content\/uploads\/2026\/03\/WhatsApp-Image-2026-03-04-at-15.34.21.jpeg\" alt=\"\" class=\"wp-image-53191\" srcset=\"https:\/\/www.gobernacionnapo.gob.ec\/new\/wp-content\/uploads\/2026\/03\/WhatsApp-Image-2026-03-04-at-15.34.21.jpeg 800w, https:\/\/www.gobernacionnapo.gob.ec\/new\/wp-content\/uploads\/2026\/03\/WhatsApp-Image-2026-03-04-at-15.34.21-300x168.jpeg 300w, https:\/\/www.gobernacionnapo.gob.ec\/new\/wp-content\/uploads\/2026\/03\/WhatsApp-Image-2026-03-04-at-15.34.21-768x429.jpeg 768w\" sizes=\"(max-width: 800px) 100vw, 800px\" \/><\/a><\/figure>\n","protected":false},"excerpt":{"rendered":"<p class=\"excerpt\">En un esfuerzo decidido por fortalecer la seguridad y consolidar la presencia del Estado en el territorio, el gobernador Luis Chica Miranda, lider\u00f3 una agenda de trabajo articulada con los representantes de los 37 barrios de Tena, alcanzando el 100 % de cobertura en estos espacios de di\u00e1logo y coordinaci\u00f3n. Durante las reuniones se escuch\u00f3, de primera mano, la realidad&hellip; <a href=\"https:\/\/www.gobernacionnapo.gob.ec\/new\/gestion-por-la-seguridad-en-los-37-barrios-de-tena\/\">Read more &rarr;<\/a><\/p>\n","protected":false},"author":2,"featured_media":0,"comment_status":"closed","ping_status":"closed","sticky":false,"template":"","format":"standard","meta":{"footnotes":""},"categories":[5,6],"tags":[],"class_list":["post-53189","post","type-post","status-publish","format-standard","hentry","category-noticias","category-noticias-destacadas","xfolkentry"],"_links":{"self":[{"href":"https:\/\/www.gobernacionnapo.gob.ec\/new\/wp-json\/wp\/v2\/posts\/53189","targetHints":{"allow":["GET"]}}],"collection":[{"href":"https:\/\/www.gobernacionnapo.gob.ec\/new\/wp-json\/wp\/v2\/posts"}],"about":[{"href":"https:\/\/www.gobernacionnapo.gob.ec\/new\/wp-json\/wp\/v2\/types\/post"}],"author":[{"embeddable":true,"href":"https:\/\/www.gobernacionnapo.gob.ec\/new\/wp-json\/wp\/v2\/users\/2"}],"replies":[{"embeddable":true,"href":"https:\/\/www.gobernacionnapo.gob.ec\/new\/wp-json\/wp\/v2\/comments?post=53189"}],"version-history":[{"count":0,"href":"https:\/\/www.gobernacionnapo.gob.ec\/new\/wp-json\/wp\/v2\/posts\/53189\/revisions"}],"wp:attachment":[{"href":"https:\/\/www.gobernacionnapo.gob.ec\/new\/wp-json\/wp\/v2\/media?parent=53189"}],"wp:term":[{"taxonomy":"category","embeddable":true,"href":"https:\/\/www.gobernacionnapo.gob.ec\/new\/wp-json\/wp\/v2\/categories?post=53189"},{"taxonomy":"post_tag","embeddable":true,"href":"https:\/\/www.gobernacionnapo.gob.ec\/new\/wp-json\/wp\/v2\/tags?post=53189"}],"curies":[{"name":"wp","href":"https:\/\/api.w.org\/{rel}","templated":true}]}}