{"id":54187,"date":"2026-04-01T15:44:44","date_gmt":"2026-04-01T20:44:44","guid":{"rendered":"https:\/\/www.gobernacionnapo.gob.ec\/new\/?p=54187"},"modified":"2026-04-01T15:45:50","modified_gmt":"2026-04-01T20:45:50","slug":"en-napo-listo-el-puesto-de-mando-unificado-por-un-nuevo-feriado","status":"publish","type":"post","link":"https:\/\/www.gobernacionnapo.gob.ec\/new\/en-napo-listo-el-puesto-de-mando-unificado-por-un-nuevo-feriado\/","title":{"rendered":"En Napo, listo el Puesto de Mando Unificado por un nuevo feriado"},"content":{"rendered":"\n<p>Bajo el liderazgo del gobernador de Napo, Luis Chica Miranda, se activ\u00f3 el Puesto de Mando Unificado (PMU) con motivo del feriado de Semana Santa, para fortalecer el control p\u00fablico, garantizar la seguridad ciudadana y coordinar el despliegue operativo en toda la provincia.<\/p>\n\n\n\n<p>Las instituciones priorizar\u00e1n la vigilancia en espacios de alta concurrencia con la presencia autoridades del orden:<\/p>\n\n\n\n<p>\u2022 Gobernaci\u00f3n: El equipo territorial de Intendente, Comisarios, Jefes y Tenientes Pol\u00edticos ejecutar\u00e1n operativos de control de seguridad y orden p\u00fablico.<\/p>\n\n\n\n<p>\u2022 Polic\u00eda Nacional: 238 servidores policiales y 19 veh\u00edculos entre motos y patrulleros para control y respuesta inmediata.<\/p>\n\n\n\n<p>\u2022 Fuerzas Armadas: Personal desplegado en territorio con operativos CAMEX.<\/p>\n\n\n\n<p>\u2022 Ministerio de Salud P\u00fablica: 262 profesionales activados, 28 unidades m\u00e9dicas operativas y ambulancias distribuidas en todos los cantones.<\/p>\n\n\n\n<p>\u2022 Agencia Nacional de Tr\u00e1nsito (ANT): Controles en la terminal terrestre y en carreteras para garantizar movilidad segura.<\/p>\n\n\n\n<p>\u2022 ECU 911: Vigilancia a trav\u00e9s de 28 c\u00e1maras y coordinaci\u00f3n de emergencias.<\/p>\n\n\n\n<p>\u2022 Ministerio de Infraestructura y Transporte: 10 personas activas y equipo caminero en Tena, Baeza y Chonta Punta.<\/p>\n\n\n\n<p>Las autoridades llaman a la ciudadan\u00eda y visitantes a vivir este feriado con responsabilidad, evitar el consumo de alcohol, a una convivencia segura y respetuosa.<\/p>\n\n\n\n<figure class=\"wp-block-image size-full\"><a href=\"https:\/\/www.gobernacionnapo.gob.ec\/new\/wp-content\/uploads\/2026\/04\/WhatsApp-Image-2026-04-01-at-15.35.37.jpeg\"><img fetchpriority=\"high\" decoding=\"async\" width=\"800\" height=\"447\" src=\"https:\/\/www.gobernacionnapo.gob.ec\/new\/wp-content\/uploads\/2026\/04\/WhatsApp-Image-2026-04-01-at-15.35.37.jpeg\" alt=\"\" class=\"wp-image-54189\" srcset=\"https:\/\/www.gobernacionnapo.gob.ec\/new\/wp-content\/uploads\/2026\/04\/WhatsApp-Image-2026-04-01-at-15.35.37.jpeg 800w, https:\/\/www.gobernacionnapo.gob.ec\/new\/wp-content\/uploads\/2026\/04\/WhatsApp-Image-2026-04-01-at-15.35.37-300x168.jpeg 300w, https:\/\/www.gobernacionnapo.gob.ec\/new\/wp-content\/uploads\/2026\/04\/WhatsApp-Image-2026-04-01-at-15.35.37-768x429.jpeg 768w\" sizes=\"(max-width: 800px) 100vw, 800px\" \/><\/a><\/figure>\n","protected":false},"excerpt":{"rendered":"<p class=\"excerpt\">Bajo el liderazgo del gobernador de Napo, Luis Chica Miranda, se activ\u00f3 el Puesto de Mando Unificado (PMU) con motivo del feriado de Semana Santa, para fortalecer el control p\u00fablico, garantizar la seguridad ciudadana y coordinar el despliegue operativo en toda la provincia. Las instituciones priorizar\u00e1n la vigilancia en espacios de alta concurrencia con la presencia autoridades del orden: \u2022&hellip; <a href=\"https:\/\/www.gobernacionnapo.gob.ec\/new\/en-napo-listo-el-puesto-de-mando-unificado-por-un-nuevo-feriado\/\">Read more &rarr;<\/a><\/p>\n","protected":false},"author":2,"featured_media":0,"comment_status":"closed","ping_status":"closed","sticky":false,"template":"","format":"standard","meta":{"footnotes":""},"categories":[5,6],"tags":[],"class_list":["post-54187","post","type-post","status-publish","format-standard","hentry","category-noticias","category-noticias-destacadas","xfolkentry"],"_links":{"self":[{"href":"https:\/\/www.gobernacionnapo.gob.ec\/new\/wp-json\/wp\/v2\/posts\/54187","targetHints":{"allow":["GET"]}}],"collection":[{"href":"https:\/\/www.gobernacionnapo.gob.ec\/new\/wp-json\/wp\/v2\/posts"}],"about":[{"href":"https:\/\/www.gobernacionnapo.gob.ec\/new\/wp-json\/wp\/v2\/types\/post"}],"author":[{"embeddable":true,"href":"https:\/\/www.gobernacionnapo.gob.ec\/new\/wp-json\/wp\/v2\/users\/2"}],"replies":[{"embeddable":true,"href":"https:\/\/www.gobernacionnapo.gob.ec\/new\/wp-json\/wp\/v2\/comments?post=54187"}],"version-history":[{"count":0,"href":"https:\/\/www.gobernacionnapo.gob.ec\/new\/wp-json\/wp\/v2\/posts\/54187\/revisions"}],"wp:attachment":[{"href":"https:\/\/www.gobernacionnapo.gob.ec\/new\/wp-json\/wp\/v2\/media?parent=54187"}],"wp:term":[{"taxonomy":"category","embeddable":true,"href":"https:\/\/www.gobernacionnapo.gob.ec\/new\/wp-json\/wp\/v2\/categories?post=54187"},{"taxonomy":"post_tag","embeddable":true,"href":"https:\/\/www.gobernacionnapo.gob.ec\/new\/wp-json\/wp\/v2\/tags?post=54187"}],"curies":[{"name":"wp","href":"https:\/\/api.w.org\/{rel}","templated":true}]}}